{"id":4027,"date":"2024-02-15T15:43:31","date_gmt":"2024-02-15T14:43:31","guid":{"rendered":"https:\/\/sofima-aftermarket.com\/EU\/?p=4027"},"modified":"2024-03-22T12:22:09","modified_gmt":"2024-03-22T11:22:09","slug":"ar-saudavel-no-automovel-a-primeira-regra-e-substituir-o-filtro-do-compartimento-dos-passageiros","status":"publish","type":"post","link":"https:\/\/sofima-aftermarket.com\/EU\/pt-pt\/noticias-pt\/ar-saudavel-no-automovel-a-primeira-regra-e-substituir-o-filtro-do-compartimento-dos-passageiros\/","title":{"rendered":"Ar saud\u00e1vel no autom\u00f3vel: a primeira regra \u00e9 substituir o filtro do compartimento dos passageiros"},"content":{"rendered":"<div class=\"wpb-content-wrapper\"><h2><strong>Com a chegada da primavera, a mudan\u00e7a do filtro do habit\u00e1culo \u00e9 essencial para proteger a sa\u00fade dos passageiros, protegendo-os de poeiras finas, p\u00f3len, alerg\u00e9nios e bact\u00e9rias<\/strong><\/h2>\n<p>Depois dos meses de inverno, em que, sobretudo nas grandes cidades, a concentra\u00e7\u00e3o de part\u00edculas nocivas no ar, como as poeiras finas, \u00e9 mais elevada, e com a chegada da primavera, esta\u00e7\u00e3o em que o inimigo a combater passa a ser o p\u00f3len, \u00e9 essencial certificar-se de que <strong>o filtro interior do autom\u00f3vel \u00e9 perfeitamente eficaz<\/strong>.<\/p>\n<p>Por conseguinte, \u00e9 aconselh\u00e1vel <strong>substitu\u00ed-lo na <\/strong>mudan\u00e7a de esta\u00e7\u00e3o ou a cada 15 000\u00a0quil\u00f3metros ou a cada doze meses (que podem ser reduzidos a seis ou menos em zonas poeirentas).<\/p>\n<p>Para a sa\u00fade do autom\u00f3vel e o conforto do habit\u00e1culo, \u00e9 essencial que as pe\u00e7as utilizadas sejam da <strong>mesma qualidade que o equipamento de origem. <\/strong>\u00c9 precisamente o caso dos <strong>filtros de habit\u00e1culo <\/strong>da <strong>SOFIMA Filter, <\/strong>que beneficiam do conhecimento profundo do Grupo <strong>UFI Filters <\/strong>sobre os meios filtrantes de alto rendimento.<\/p>\n<h3><strong>Aliados valiosos para a sa\u00fade<\/strong><\/h3>\n<p>A fun\u00e7\u00e3o dos filtros do habit\u00e1culo \u00e9 formar uma <strong>barreira que protege os ocupantes <\/strong>do ve\u00edculo dos poluentes externos que entram no habit\u00e1culo com o ar do sistema de ar condicionado e que cont\u00eam subst\u00e2ncias nocivas para a sa\u00fade, tais como poeiras finas, alerg\u00e9nios, bact\u00e9rias, pesticidas e bolores t\u00f3xicos. Devido \u00e0 entrada destas subst\u00e2ncias, o interior de um ve\u00edculo pode transformar-se num viveiro <strong>de germes e bact\u00e9rias nos <\/strong>casos mais extremos.<\/p>\n<p>Mesmo a simples <strong>concentra\u00e7\u00e3o de poeiras na atmosfera <\/strong>e a presen\u00e7a de part\u00edculas como PM 10 e PM 2,5, que est\u00e1 intimamente ligada \u00e0 zona geogr\u00e1fica e \u00e0s condi\u00e7\u00f5es meteorol\u00f3gicas, podem criar graves <strong>perturba\u00e7\u00f5es respirat\u00f3rias<\/strong>.<\/p>\n<p>A sua presen\u00e7a pode ser at\u00e9 seis vezes maior no interior do ve\u00edculo do que no exterior, devido ao efeito de t\u00fanel criado no <strong>circuito de ventila\u00e7\u00e3o<\/strong>.<\/p>\n<p>A m\u00e1 <strong>qualidade do ar interior da\u00ed resultante <\/strong>pode, portanto, ser a causa de dores de garganta, espirros, irrita\u00e7\u00e3o e, especialmente na primavera, alergias graves ao p\u00f3len.<\/p>\n<p>Depois de o outono e o inverno terem deixado vest\u00edgios no filtro interior do ve\u00edculo sob a forma de p\u00f3, poeiras finas, detritos e humidade, \u00e9 necess\u00e1rio substitu\u00ed-lo com a chegada do bom tempo.<\/p>\n<p>Um <strong>novo filtro de alta qualidade para o habit\u00e1culo<\/strong>, como o da <strong>SOFIMA, <\/strong>protege o sistema de ar condicionado da contamina\u00e7\u00e3o, reduz a carga da ventoinha e melhora a qualidade do ar interior. Ret\u00e9m a sujidade, o p\u00f3, os alerg\u00e9nios e as bact\u00e9rias e mant\u00e9m o interior das janelas e do para-brisas, o painel de instrumentos e os comandos limpos durante mais tempo.<\/p>\n<p><strong>A import\u00e2ncia dos <\/strong>filtros do habit\u00e1culo e as <strong>vantagens de <\/strong>utilizar um produto de qualidade s\u00e3o sublinhadas no <a href=\"https:\/\/sofima-aftermarket.com\/EU\/wp-content\/uploads\/downloads\/sofima\/pdfs\/CabinAirFiltersRange\/Sofima_Leaflet_Cabin_web_PT.pdf\"><strong>folheto da SOFIMA<\/strong><\/a><strong>. <\/strong><\/p>\n<h3><strong>Barreiras intranspon\u00edveis <\/strong><\/h3>\n<p><strong>A SOFIMA <\/strong>prop\u00f5e uma gama de filtros de habit\u00e1culo concebidos para responder \u00e0s caracter\u00edsticas dos sistemas de ar condicionado dos ve\u00edculos mais recentes, garantindo o m\u00e1ximo conforto ao condutor e aos seus passageiros. A sua qualidade \u00e9 igual \u00e0 dos filtros utilizados pelos <strong>construtores de autom\u00f3veis como equipamento de origem<\/strong>.<\/p>\n<p>O ar interior \u00e9 mantido limpo gra\u00e7as aos materiais n\u00e3o tecidos utilizados ou \u00e0 combina\u00e7\u00e3o com carv\u00e3o ativado, que ret\u00eam o p\u00f3, o p\u00f3len, os odores e as emiss\u00f5es nocivas.<\/p>\n<h3><strong>Solu\u00e7\u00f5es para todas as necessidades<\/strong><\/h3>\n<p><strong>A SOFIMA <\/strong>tem <strong>mais de 520 refer\u00eancias de <\/strong><strong>filtros de habit\u00e1culo<\/strong> no seu cat\u00e1logo, cobrindo 98,5% do parque autom\u00f3vel europeu. Sessenta por cento da gama \u00e9 constitu\u00edda por <strong>filtros anti-p\u00f3len <\/strong>em material sint\u00e9tico n\u00e3o tecido, capazes de reter mais de 90% das part\u00edculas com um di\u00e2metro superior a 2,5 microns, como a sujidade e os esporos do ar, as poeiras finas (PM10) e o p\u00f3len.<\/p>\n<p>Os restantes 40% da gama s\u00e3o compostos por filtros com material filtrante n\u00e3o tecido combinado com <strong>carv\u00e3o ativado<\/strong>, que absorvem e neutralizam os odores e bloqueiam os poluentes industriais e agr\u00edcolas.<\/p>\n<p>Al\u00e9m disso, impedem a entrada de part\u00edculas com dimens\u00f5es entre 0,01 e 2 m\u00edcrons (como gases, bact\u00e9rias e fungos) no habit\u00e1culo, garantindo o melhor conforto poss\u00edvel.<\/p>\n<p>A utiliza\u00e7\u00e3o dos filtros de habit\u00e1culo <strong>SOFIMA durante as <\/strong>mudan\u00e7as peri\u00f3dicas dos filtros garante uma <strong>prote\u00e7\u00e3o \u00f3ptima e constante <\/strong>contra o p\u00f3, a fuligem, as bact\u00e9rias, o p\u00f3len e outros poluentes, com importantes benef\u00edcios para a sa\u00fade.<\/p>\n<p>No <a href=\"https:\/\/sofima-aftermarket.com\/EU\/pt-pt\/filtros\/?typology=%22auto%22&amp;lang=%22pt_PT%22\"><strong>cat\u00e1logo em linha da SOFIMA<\/strong><\/a>, pode procurar o filtro de habit\u00e1culo espec\u00edfico para cada aplica\u00e7\u00e3o.<\/p>\n<p>[\/vc_column_text][\/vc_column][\/vc_row][vc_row content_placement=&#8221;middle&#8221;][vc_column width=&#8221;1\/6&#8243;][\/vc_column][vc_column width=&#8221;2\/3&#8243;][vc_single_image image=&#8221;3894&#8243;][\/vc_column][vc_column width=&#8221;1\/6&#8243;]<\/p>\n<\/div>","protected":false},"excerpt":{"rendered":"<p>Com a chegada da primavera, a mudan\u00e7a do filtro do habit\u00e1culo \u00e9 essencial para proteger a sa\u00fade dos passageiros, protegendo-os<\/p>\n<div class=\"h10\"><\/div>\n<p><a  class=\"more-link1\" href=\"https:\/\/sofima-aftermarket.com\/EU\/pt-pt\/noticias-pt\/ar-saudavel-no-automovel-a-primeira-regra-e-substituir-o-filtro-do-compartimento-dos-passageiros\/\">Leia mais<\/a><\/p>\n","protected":false},"author":6,"featured_media":3928,"comment_status":"closed","ping_status":"closed","sticky":false,"template":"","format":"standard","meta":{"_acf_changed":false,"footnotes":""},"categories":[988],"tags":[],"yst_prominent_words":[],"class_list":["post-4027","post","type-post","status-publish","format-standard","has-post-thumbnail","hentry","category-noticias-pt"],"acf":[],"_links":{"self":[{"href":"https:\/\/sofima-aftermarket.com\/EU\/pt-pt\/wp-json\/wp\/v2\/posts\/4027","targetHints":{"allow":["GET"]}}],"collection":[{"href":"https:\/\/sofima-aftermarket.com\/EU\/pt-pt\/wp-json\/wp\/v2\/posts"}],"about":[{"href":"https:\/\/sofima-aftermarket.com\/EU\/pt-pt\/wp-json\/wp\/v2\/types\/post"}],"author":[{"embeddable":true,"href":"https:\/\/sofima-aftermarket.com\/EU\/pt-pt\/wp-json\/wp\/v2\/users\/6"}],"replies":[{"embeddable":true,"href":"https:\/\/sofima-aftermarket.com\/EU\/pt-pt\/wp-json\/wp\/v2\/comments?post=4027"}],"version-history":[{"count":2,"href":"https:\/\/sofima-aftermarket.com\/EU\/pt-pt\/wp-json\/wp\/v2\/posts\/4027\/revisions"}],"predecessor-version":[{"id":4030,"href":"https:\/\/sofima-aftermarket.com\/EU\/pt-pt\/wp-json\/wp\/v2\/posts\/4027\/revisions\/4030"}],"wp:featuredmedia":[{"embeddable":true,"href":"https:\/\/sofima-aftermarket.com\/EU\/pt-pt\/wp-json\/wp\/v2\/media\/3928"}],"wp:attachment":[{"href":"https:\/\/sofima-aftermarket.com\/EU\/pt-pt\/wp-json\/wp\/v2\/media?parent=4027"}],"wp:term":[{"taxonomy":"category","embeddable":true,"href":"https:\/\/sofima-aftermarket.com\/EU\/pt-pt\/wp-json\/wp\/v2\/categories?post=4027"},{"taxonomy":"post_tag","embeddable":true,"href":"https:\/\/sofima-aftermarket.com\/EU\/pt-pt\/wp-json\/wp\/v2\/tags?post=4027"},{"taxonomy":"yst_prominent_words","embeddable":true,"href":"https:\/\/sofima-aftermarket.com\/EU\/pt-pt\/wp-json\/wp\/v2\/yst_prominent_words?post=4027"}],"curies":[{"name":"wp","href":"https:\/\/api.w.org\/{rel}","templated":true}]}}